{"id":851,"date":"2014-03-17T19:49:25","date_gmt":"2014-03-17T18:49:25","guid":{"rendered":"http:\/\/blog.promotioncompound.de\/?p=851"},"modified":"2014-03-18T09:36:43","modified_gmt":"2014-03-18T08:36:43","slug":"mein-persoenliches-kleines-highlight-2013","status":"publish","type":"post","link":"http:\/\/blog.promotioncompound.de\/?p=851","title":{"rendered":"Mein pers\u00f6nliches &#8222;kleines&#8220; Highlight 2013"},"content":{"rendered":"<h6>Ein Beitrag von Mario M. &#8211; Gast beim Kaderlehrgang in Feucht<\/h6>\n<p>Das Angebot, dem Deutschen Compound-Nationalkader einmal beim Training \u00fcber die Schulter zu schauen und ggf. auch (vielleicht???) noch mit zu trainieren, konnte ich meinem 2.Kadertrainer Klaus(BVS-Bayern), nicht abschlagen und schon gar nicht widerstehen &#8211; DANKE Klaus.<\/p>\n<p>Nat\u00fcrlich vorausgesetzt die n\u00f6tige Zeit und k\u00f6rperliche Verfassung macht mir hier nicht wieder einen Strich durch die Rechnung.<\/p>\n<p>Mehrere Wochen habe ich nun auf diesen, f\u00fcr mich besonderen Tag, hin gefiebert und es sollte anders und vor allem besser wie erwartet kommen.<\/p>\n<p>Somit setzte ich mich ins Auto am fr\u00fchen Morgen des 16. Nov.`13, um p\u00fcnktlich in Feucht zu erscheinen &#8211; schlie\u00dflich waren bis dorthin ca. 220 km ohne Stau zu \u00fcberleben.<\/p>\n<p>Mir egal, f\u00fcr diese M\u00f6glichkeit w\u00e4re ich auch weiter gefahren, die Anreisezeit verging im Fluge und nach 2 Stunden war ich auch schon an und in der (tollen) Halle in Feucht. Dazu muss ich hier einfach `mal erw\u00e4hnen, dass es Zeit wird, diesem TOP-Trainingsgel\u00e4nde und den gebotenen Bedingungen den Status eines St\u00fctzpunktes vom Verband zu vergeben.<\/p>\n<p>Klar waren mir die Kadersch\u00fctzen namentlich und auch aus div. Medien bekannt, aber weg`s einem Hall\u00f6le war ich ja nicht da&#8230;<\/p>\n<p>Nachdem alle Kadersch\u00fctzen eingetrudelt waren ging`s dann auch schon fast los und ich wurde meiner Randposition als anf\u00e4nglicher Zuschauer vom Robert Hesse sofort befreit und er bat mich einfach mitzumachen beim Training.<\/p>\n<p>Ja wie geil ist das denn dachte ich und&#8230;oh ein &#8222;Wunder&#8220; mein Bogen steht ja schon griffbereit&#8230;<\/p>\n<p>Auf diesen Augenblick habe ich mich so sehr gefreut und fortan war ich den kompletten Tag im Nationalkadertraining v\u00f6llig integriert und f\u00fchlte mich sau wohl in diesem coolen Haufen.<\/p>\n<p>Es war alles geboten, was man sich nur ansatzweise als Sch\u00fctze aus dem &#8222;L\u00e4ndle&#8220;, so halbwegs dort vorstellt.<\/p>\n<p>Training, was als solches auch seinen Namen dann verdient und es auch zeitweise sehr anstrengend f\u00fcr die Sch\u00fctzen dort war, zumal es auch f\u00fcr den Kader gerademahl der zweite von drei Lehrgangstagen dort war und es nicht leichter wurde.<\/p>\n<p>Ich versuchte so gut es mir m\u00f6glich war mitzuhalten, da dieses ganzt\u00e4gige Training eine physische und psychische Herausforderung f\u00fcr mich hie\u00df \u2013 \u201emir Wurscht, da bei\u00df ich mich halt durch\u201c.<\/p>\n<p>St\u00e4ndig wechselnde Abl\u00e4ufe im Training wie reines Ablauf\/Techniktraining, Abschusstraining, Spezialtraining, Leistungskontrolle etc. wechselten mit gelegentlichen &#8222;Fitne\u00dfworkshop`s&#8220; um danach wieder leicht ausgepowert und trotzdem voll konzentriert an der Linie zu stehen.<\/p>\n<p>Zus\u00e4tzlich wurden von Cicek abwechselnd die Sch\u00fctzen zur speziellen Computer\/Laser-gesteuerten Zielanalyse gebeten. Dank &#8222;Papa&#8220; Sauter, der dies wohl erm\u00f6glichte.<\/p>\n<p>Robert Abstreiter meinte zwar, ich sollte es auch `mal probieren, aber ich lehnte es lieber ab, da die Cam-Montage auf dem kleinen Visier meines Mietcompound`s(PSE\/Nova) kaum machbar gewesen w\u00e4re &#8211; ein Himmelreich, wenn der &#8222;Neue&#8220; Bogen dann einmal da ist<\/p>\n<p>Aber trotzdem vielen Dank an Dich Robert f\u00fcr die vielen wertvollen technischen Tipps, die Du mir mit viel Zeit vermittelt hast an diesem Tag.<\/p>\n<p>Tja und teilweise wurden sogar auch manchmal die zwei &#8222;Schie\u00dfhausqueens&#8220; etwas ruhiger, die &#8211; wer sie kennt &#8211; nicht nur zwei Top Sch\u00fctzinnen sind, sondern auch sehr quirlig und oft ansteckend mit ihrer guten Laune &#8211; also alles keine Spa\u00dfangelegenheit im Kadertraining, obgleich der Spa\u00dffaktor und der Umgang der Sch\u00fctzen und Trainer untereinander einfach nur toll ist und wohl auch eine sehr wichtige Basis ist.<\/p>\n<p>Dank zweier solcher Motivatoren und Coaches wie Robert und Cicek ja kein Wunder &#8211; der DSB sollte sich gl\u00fccklich sch\u00e4tzen f\u00fcr diese Zwei.<\/p>\n<p>Dass alle Athleten auch die geforderten Leistungen abrufen k\u00f6nnen, bewiesen sie ja mehrfach in den vergangenen Jahren.<\/p>\n<p>Auch selbst wenn sie mir noch nicht einmal bis ganz unter`s Kinn reicht(bin allerdings auch 1,84), war mir trotzdem absolut bewusst, dass ich mit einer ganz, ganz Gro\u00dfen zusammen auf der Scheibe stand. Wer kann schon von sich behaupten Zweite bei der letzten Junioren\/WM-Nov.`13 in China geworden zu sein und k\u00fcrzlich diese Top-Leistung auch in England beim Indoor-Worldcup wieder abrufen zu k\u00f6nnen &#8211; ich kenne nicht viele.<\/p>\n<p>Danke Janine f\u00fcr die tollen Momente und wichtigen Tipps an der Scheibe. Gleiches gilt auch an Julian Scriba, mit dem ich dann den kompletten Nachmittag auf der Scheibe war.<\/p>\n<p>Interessant f\u00fcr mich war hier auch einmal konsequent auf (fast zu) kurze Zeitanzeige die Pfeile sauber raus zuschie\u00dfen und dann auch noch k\u00f6rperlich hier mit den Athleten mitzuhalten trotz meiner &#8222;wenigen&#8220; Handycaps, die ich nun mal habe. Ein (noch)nicht ganz so ausgepr\u00e4gtes Trainingspensum wie die Kaderathleten merkte ich nat\u00fcrlich &#8211; aber das wird sich ja bald \u00e4ndern.<\/p>\n<p>Kurz um&#8230;.<\/p>\n<p>Es war einfach nur geil den Profis und ihrem Trainerstab einmal \u00fcber die Schulter bei ihrer absolut professionellen Arbeit zuschauen zu d\u00fcrfen, selber mit zu trainieren und enorm viel f\u00fcr mich dort mitnehmen konnte.<\/p>\n<p>Auffallend war und ist die Offenheit von Allen dort gewesen. Jeder gab gerne seine Erfahrungen weiter,\u00a0 machte keinerlei Geheimniskr\u00e4merei und zeigte v\u00f6llige Transparenz.<\/p>\n<p>Ergo&#8230; war es also nur eine Frage der Zeit bis hier diese, wie ich finde, tolle Idee einer Interessen &#8211; und Info &#8211; Seite von &#8222;promotioncompound&#8220; entstanden ist, die ich auch selber als Trainer und Compound-Einsteiger nur weiterempfehlen kann und werde.<\/p>\n<p>Am Ende m\u00f6chte ich noch etwas Pers\u00f6nliches loswerden&#8230;<\/p>\n<p>Klar kam gelegentlich die Frage auf von den Sch\u00fctzen, warum ich u.a.\u00a0 f\u00fcr den Behinderten-Bogensportverband starte. Bei so viel Herzlichkeit war diesbez\u00fcglich auch ein gewisses Outing absolut kein Problem, bei so viel Offenheit aller Beteiligten, auch wenn ich damit generell eigentlich nicht hausieren gehe.<\/p>\n<p>Es war also eher f\u00fcr mich ein Kompliment, wenn ich dankend dann h\u00f6rte konnte, dass man mir meine Handycaps nicht anmerkt.<\/p>\n<p>Tolles und ehrliches Gef\u00fchl, so wahrgenommen zu werden und sich im Umgang mit allem einfach `mal best\u00e4tigt zu f\u00fchlen.<\/p>\n<p>Sport bzw. sportliche Bet\u00e4tigung und der damit einhergehende soziale Kontakt sind absolut der richtige Weg &#8211; man muss ihn nur finden. Der Rest ist eiserne Disziplin, Ehrgeiz, Mut und ein intaktes Umfeld durch Angeh\u00f6rige.<\/p>\n<p>Ohne den Glauben an mich durch Menschen wie meine Landestrainerin Inge Enzmann, meinem Mentor G\u00fcnter Zemke bei den Bibertaler Bogensch\u00fctzen und drei mir noch wichtigere Menschen, h\u00e4tte ich diesen tollen Tag nie erleben k\u00f6nnen.<\/p>\n<p>Den gr\u00f6\u00dften Anteil daran tragen meine liebe Frau und meine tollen Jungs(allesamt auch Bogensch\u00fctzen), die mir in den vergangenen schweren Jahren so den R\u00fccken gest\u00e4rkt haben und immer f\u00fcr mich da waren. Auch als eine bl\u00f6de Diagnose der n\u00e4chsten folgte und ich mehr in Kliniken rumhing als daheim.<\/p>\n<p>Auch als es am Ende hie\u00df &#8222;MS&#8220; hat er auch noch, waren die drei immer noch da und verzichteten st\u00e4ndig auf so vieles.<\/p>\n<p>DANKE Manuela, DANKE Maximilian, DANKE Dominik ich liebe Euch.<\/p>\n<p>Mario (BVS-Bayern\/Bogenkader)<\/p>\n<p>&nbsp;<\/p>\n","protected":false},"excerpt":{"rendered":"<p>Ein Beitrag von Mario M. &#8211; Gast beim Kaderlehrgang in Feucht Das Angebot, dem Deutschen Compound-Nationalkader einmal beim Training \u00fcber die Schulter zu schauen und ggf. auch (vielleicht???) noch mit zu trainieren, konnte ich meinem 2.Kadertrainer Klaus(BVS-Bayern), nicht abschlagen und schon gar nicht widerstehen &#8211; DANKE Klaus. Nat\u00fcrlich vorausgesetzt die n\u00f6tige Zeit und k\u00f6rperliche Verfassung &hellip; <a href=\"http:\/\/blog.promotioncompound.de\/?p=851\" class=\"more-link\"><span class=\"screen-reader-text\">Mein pers\u00f6nliches &#8222;kleines&#8220; Highlight 2013<\/span> weiterlesen <span class=\"meta-nav\">&rarr;<\/span><\/a><\/p>\n","protected":false},"author":3,"featured_media":0,"comment_status":"open","ping_status":"open","sticky":false,"template":"","format":"standard","meta":[],"categories":[1],"tags":[],"_links":{"self":[{"href":"http:\/\/blog.promotioncompound.de\/index.php?rest_route=\/wp\/v2\/posts\/851"}],"collection":[{"href":"http:\/\/blog.promotioncompound.de\/index.php?rest_route=\/wp\/v2\/posts"}],"about":[{"href":"http:\/\/blog.promotioncompound.de\/index.php?rest_route=\/wp\/v2\/types\/post"}],"author":[{"embeddable":true,"href":"http:\/\/blog.promotioncompound.de\/index.php?rest_route=\/wp\/v2\/users\/3"}],"replies":[{"embeddable":true,"href":"http:\/\/blog.promotioncompound.de\/index.php?rest_route=%2Fwp%2Fv2%2Fcomments&post=851"}],"version-history":[{"count":3,"href":"http:\/\/blog.promotioncompound.de\/index.php?rest_route=\/wp\/v2\/posts\/851\/revisions"}],"predecessor-version":[{"id":854,"href":"http:\/\/blog.promotioncompound.de\/index.php?rest_route=\/wp\/v2\/posts\/851\/revisions\/854"}],"wp:attachment":[{"href":"http:\/\/blog.promotioncompound.de\/index.php?rest_route=%2Fwp%2Fv2%2Fmedia&parent=851"}],"wp:term":[{"taxonomy":"category","embeddable":true,"href":"http:\/\/blog.promotioncompound.de\/index.php?rest_route=%2Fwp%2Fv2%2Fcategories&post=851"},{"taxonomy":"post_tag","embeddable":true,"href":"http:\/\/blog.promotioncompound.de\/index.php?rest_route=%2Fwp%2Fv2%2Ftags&post=851"}],"curies":[{"name":"wp","href":"https:\/\/api.w.org\/{rel}","templated":true}]}}