{"id":1138,"date":"2014-07-10T22:40:44","date_gmt":"2014-07-10T20:40:44","guid":{"rendered":"http:\/\/blog.promotioncompound.de\/?p=1138"},"modified":"2014-11-21T20:06:44","modified_gmt":"2014-11-21T19:06:44","slug":"tagebuch-der-uni-wm","status":"publish","type":"post","link":"http:\/\/blog.promotioncompound.de\/?p=1138","title":{"rendered":"Tagebuch der Uni-WM"},"content":{"rendered":"<h5><strong>Ein Beitrag von Dr. Martin Cornils<\/strong><\/h5>\n<p><strong>Montag, 30.06.2014 \u2013 Anreise<\/strong><\/p>\n<p>Die Anreise ist weitestgehend unproblematisch verlaufen: Um 08:30 Uhr konnte ich mit einem fast neuen, ger\u00e4umigen Mietwagen (Ford Mondeo) in Freiburg aufbrechen. Durch ein paar kleinere Staus wurden Velia SCHALL gegen 10:00 Uhr in Karlsruhe und Martin ENDRIZZI gegen 12:45 Uhr in Pegnitz jeweils mit leichter Versp\u00e4tung eingesammelt. Die restliche Fahrt bis Legnica (Ankunft gegen 16:30 Uhr) verlief aber reibungslos.<\/p>\n<p>Das vom Veranstalter organisierte Hotel bietet einen dem Anlass angemessenen Standard, die Zimmer sind klein aber sauber, das Abendessen war ausreichend (grunds\u00e4tzlich werden Fr\u00fchst\u00fcck und Abendessen im Hotel, das Mittagessen auf dem Wettkampfplatz eingenommen) \u2013 alles bislang im positiven Sinne ein gro\u00dfer Fortschritt zur sehr d\u00fcrftigen Verpflegung und Unterkunft bei der WUC Archery 2012 in Cordoba.<!--more--><\/p>\n<p>Die Akkreditierung \u00f6ffnete mit zwei Stunden Versp\u00e4tung. Das Team des Organisators war noch nicht ganz eingespielt, ich konnte sie aber schlie\u00dflich davon \u00fcberzeugen, dass der adh tats\u00e4chlich s\u00e4mtliche Geb\u00fchren bereits im Vorfeld \u00fcberwiesen hatte und keine Restzahlungen mehr offen sind \u2013 wir d\u00fcrfen jedenfalls starten! Organisatorische Unterlagen wurden nicht verteilt, die wichtigsten Informationen f\u00fcr Athleten und Offizielle werden bislang an einer Art schwarzem Brett in der Hotel-Lobby ausgeh\u00e4ngt.<\/p>\n<p>Nach einer kurzen Mannschaftsbesprechung haben wir uns gemeinsam das Fu\u00dfball-WM-Achtelfinale Deutschland vs. Algerien angesehen. Das Ergebnis hat gl\u00fccklicher Weise weiter zur ohnehin guten Stimmung im Team beigetragen \ud83d\ude42<\/p>\n<p>Morgen steht ein freies Training auf dem Programm, wir werden uns die Wettkampfanlage ansehen, das Material \u00fcberpr\u00fcfen, und insbesondere die Abl\u00e4ufe f\u00fcr den Mixed-Wettbewerb abstimmen. Ich bin sehr gespannt und freue mich auf die kommenden Tage. <!--more--><\/p>\n<p><strong>Dienstag, 01.07.2014 \u2013 Freies Training<\/strong><\/p>\n<p>Nach einem anst\u00e4ndigen Fr\u00fchst\u00fcck im Hotel haben wir uns gegen 09:45 Uhr auf den Weg zur Wettkampfst\u00e4tte gemacht. Mit der vom Ausrichter angegebenen Adresse konnte das Navigationssystem unseres Mietwagens allerdings nichts anfangen. Unsere Annahme, den \u201eCity Park\u201c, in dem die Wettk\u00e4mpfe ausgetragen werden, auch so einfach finden zu k\u00f6nnen, erwies sich dann leider als sehr optimistisch \u2013 auf Grund komplett fehlender Ausschilderung und der sehr eigenwillig ausgelegten Infrastruktur von Legnica haben wir fast 45 Minuten zur letztlich nur 1.4km vom Hotel entfernten Wettkampfst\u00e4tte ben\u00f6tigt. Angesichts des gro\u00dfz\u00fcgigen Trainingsangebots des Veranstalters (10:00 Uhr \u2013 18:00 Uhr) war diese ungeplante Verz\u00f6gerung aber gut zu verkraften.<\/p>\n<p>Die Wettkampfanlage besteht aus einem im Fu\u00dfball-Stadion von Legnica errichteten Wettkampffeld und einem nebenan gelegenen Trainingsplatz \u2013 letzterer war heute f\u00fcr das freie Training ge\u00f6ffnet. Das Team nutzte den Tag ausgiebig, um sich mit den Umweltbedingungen (Licht, Wind, \u2026) und den \u00f6rtlichen Begebenheiten (Toiletten, Verpflegung, \u2026) vertraut zu machen, die Schie\u00dftechnik zu stabilisieren, und die Abl\u00e4ufe f\u00fcr den Mixed-Team-Wettbewerb abzustimmen.<\/p>\n<p>Das Mittagessen wurde in einer Art Kantine ein paar 100m abseits der Wettkampfanlage ausgegeben. Auch hier stellt die Qualit\u00e4t und Ausgewogenheit der Verpflegung eine deutliche Verbesserung gegen\u00fcber dem Angebot w\u00e4hrend der letzten WUC Archery vor zwei Jahren dar.<\/p>\n<p>Am fr\u00fchen Nachmittag erschien dann mit Marcus LAUBE \u00fcberraschend ein aktiver Bundeskader-Sch\u00fctze auf dem Trainingsplatz, der unser Training in der Folge beobachtete.<\/p>\n<p>F\u00fcr die R\u00fcckfahrt ins Hotel haben wir diesmal nur knapp 5 Minuten ben\u00f6tigt \ud83d\ude42<\/p>\n<p>Es gibt immer noch keine Startliste, da der Akkreditierungsprozess laut Veranstalter erst im Laufe des Mittwochs abgeschlossen sein wird. Das bedeutet u.a. auch, dass sich die Sch\u00fctzen morgen beim offiziellen Training wie sonst eigentlich \u00fcblich nicht auf ihren Wettkampfscheiben einschie\u00dfen k\u00f6nnen. Das Team hat es sehr entspannt zur Kenntnis genommen\u2026<\/p>\n<p>Auch ein paar technische Details zum Ablauf der Veranstaltung sind noch offen, werden sich aber hoffentlich morgen im Rahmen des \u201etechnical meeting\u201c der Trainer kl\u00e4ren lassen.<\/p>\n<p>Mit einem gemeinsamen Abendessen und einer kurzen Vorbesprechung des f\u00fcr morgen anstehenden Programms mit dem offiziellen Training und der Er\u00f6ffnungsfeier haben wir den Abend relativ fr\u00fch gegen 20:30 Uhr ausklingen lassen.<\/p>\n<p><strong>Mittwoch, 02.07.2014 \u2013 Offizielles Training \/ Er\u00f6ffnungsfeier<\/strong><\/p>\n<p>Wider Erwarten hingen heute Morgen doch Startlisten am schwarzen Brett in der Hotel-Lobby aus. \u00dcber Nacht wurden dar\u00fcber hinaus auch Ablagef\u00e4cher f\u00fcr jede teilnehmende Nation eingerichtet, \u00fcber die im weiteren Turnierverlauf aktuelle Informationen verteilt werden sollen.<\/p>\n<p>Da der Zeitplan des Veranstalters getrennte offizielle Trainingszeiten f\u00fcr Compound Damen (Vormittags) und Compound Herren (Nachmittags) vorsah, bin ich gegen 07:30 Uhr zun\u00e4chst alleine mit Velia ins Stadion gefahren \u2013 Martin konnte ausschlafen. Das Wettkampffeld ist vom \u00f6rtlichen Ausrichter gut vorbereitet worden, es gibt ausreichend Sitz- und Sonnenschutzgelegenheiten f\u00fcr Aktive und Trainer und die Toiletten sind in unmittelbarer N\u00e4he. Dar\u00fcber hinaus wird unbegrenzt und kostenfrei Wasser zur Verf\u00fcgung gestellt. Entsprechend reibungslos verlief dann auch die Vormittags-Session.<\/p>\n<p>Gegen 11:30 Uhr traf Martin wie am Tag zuvor besprochen zu Fu\u00df auf dem Wettkampfplatz ein, der Weg vom Hotel war wie vermutet bequem in 15 Minuten zu bew\u00e4ltigen gewesen.<\/p>\n<p>Parallel zum Beginn der Nachmittags-Session hatte der Veranstalter das \u201eTechnical Meeting\u201c mit Anwesenheitspflicht aller Trainer angesetzt, so dass ich den Beginn von Martins offiziellem Training nicht mitbekommen konnte \u2013 dankenswerter Weise hat dann Velia, die nach ihrem eigenen Training auf dem Wettkampffeld geblieben war, Martin w\u00e4hrend meiner Abwesenheit betreut.<\/p>\n<p>Die Trainer-Besprechung wurde durch den \u201eTechnical Delegate\u201c der FISU, Mr. Juan Carlos Holgado, sehr professionell geleitet, insbesondere konnten alle f\u00fcr mich noch offenen technischen Fragen gekl\u00e4rt werden. Auf Vorschlag der Turnierleitung und best\u00e4tigt durch alle anwesenden Trainer wurde ich mit zwei weiteren Trainer-Kollegen in das \u201eTechnical Committee\u201c der Veranstaltung berufen; meine Rolle in diesem Zusammenhang ist mir noch nicht ganz klar, wird sich aber hoffentlich bald herausstellen (man hat mir gesagt, man kommt auf mich zu\u2026).<\/p>\n<p>Die \u00e4u\u00dferen Bedingungen f\u00fcr das offizielle Training von Velia und Martin waren \u00e4hnlich wie am Vortag: Wetter heiter bis wolkig, 25-28\u00b0C, bei leichtem Wind, der sich im Stadion aber weit weniger auswirkte als noch am Dienstag auf dem Trainingsplatz. Auch Marcus LAUBE war das gesamte Training \u00fcber wieder vor Ort. Beide Sch\u00fctzen haben sich meiner Einsch\u00e4tzung nach gut auf die \u00f6rtlichen Gegebenheiten eingestellt und auch eine gute Trainingsleistung gezeigt \u2013 insbesondere Martin hat einen starken Eindruck hinterlassen \u2013 wenn beide das morgen auch so im Wettkampf umsetzen k\u00f6nnen wird es ein guter Tag!<\/p>\n<p>Im unmittelbaren Anschluss an die Nachmittags-Session stand dann noch die Er\u00f6ffnungsfeier auf dem Programm. Dazu versammelten sich zun\u00e4chst alle Teilnehmer auf dem Parkplatz vor dem Hotel, um von dort aus gemeinsam in einer langen Prozession, begleitet von verschiedenen Folklore-Gruppen, durch die Innenstadt von Legnica bis zum Rathausplatz (?) zu laufen. Dort hatte der Veranstalter eine gro\u00dfe B\u00fchne errichtet, auf der verschiedene Funktionstr\u00e4ger Ihre Begr\u00fc\u00dfungs-Reden hielten und die WUC Archery 2014 letztendlich offiziell er\u00f6ffneten. Aus meiner Sicht war es eine durchaus gelungene Er\u00f6ffnungsfeier, die in der Bev\u00f6lkerung gro\u00dfes Aufsehen erregt hat (auch hier ein gro\u00dfer Fortschritt zu Cordoba 2012) \u2013 das lange sehr langsame Gehen, bzw. Stehen \u00fcber fast zwei Stunden, zumeist in der prallen Sonne, war f\u00fcr alle Aktiven und Trainer allerdings ziemlich anstrengend.<\/p>\n<p>Nach einem fr\u00fchen Abendessen, einem kurzen Spaziergang durch die Altstadt (kulturell kann Legnica leider nicht mit Cordoba mithalten) und der obligatorischen Vorbesprechung des f\u00fcr morgen anstehenden Programms mit der Qualifikationsrunde und dem Mixed-Team-Wettbewerb haben wir den Tag gegen 20:30 Uhr erneut sehr zeitig beendet.<\/p>\n<p>Morgen geht es endlich los!<\/p>\n<p><strong>Donnerstag, 03.07.2014 \u2013 Qualifikation \/ Mixed-Team-Wettbewerb<\/strong><\/p>\n<p>Erneut sah der Zeitplan des Veranstalters getrennte Sessions f\u00fcr die Qualifikations-Runden der Compound Damen (Vormittags) und der Compound Herren (Nachmittags) vor, gegen 07:15 Uhr bin ich daher wieder alleine mit Velia auf den Wettkampfplatz gefahren \u2013 Martin konnte nochmals ausschlafen.<\/p>\n<p>Um 08:00 Uhr begann f\u00fcr Velia das offizielle warm-up und eine halbe Stunde sp\u00e4ter der Wettkampf. Obwohl die Rahmenbedingungen (Wetter, Licht, Umgebung, Beobachtung) nahezu identisch zum Vortag waren viel es ihr von Beginn an schwer, ihren gewohnten Schie\u00dfablauf zu finden. Mit f\u00fcr sie eher mageren 326 Ringen belegte sie zur Halbzeit nach den ersten 36 Pfeilen im 37-k\u00f6pfigen Teilnehmerfeld Platz 20. In der zweiten H\u00e4lfte fand sie dann etwas besser zu ihrem Rhythmus und konnte sich mit 333 Ringen auf insgesamt 659 Ringe und damit Platz 18 steigern.<\/p>\n<p>Unmittelbar im Anschluss um 12:45 Uhr begann das gleiche Programm f\u00fcr Martin. Das warm-up verlief wie auch das Training am Vortag sehr vielversprechend, allerdings konnte er diese Leistung leider nicht nahtlos in den Wettkampf \u00fcbertragen: Mit m\u00e4\u00dfigen 336 Ringen stand f\u00fcr ihn zur Halbzeit zun\u00e4chst Rang 26 bei 44 Teilnehmern zu Buche, von dem er sich dank eines starken Schluss-Spurts in der zweiten H\u00e4lfte mit 342 Ringen auf insgesamt ordentliche 678 Ringe gleichbedeutend mit Platz 23 verbessern konnte.<\/p>\n<p>Der Mixed-Team-Wettbewerb am sp\u00e4ten Nachmittag bildete den Abschluss des ersten Wettkampftages. Anhand der Qualifikations-Ergebnisse wurde durch Aufsummieren der Resultate des besten Herren und der besten Damen jeder teilnehmenden Nation innerhalb einer Disziplin eine Rangliste erstellt, die dann zur Ansetzung der 1\/8-Final-Begegnungen herangezogen wurde. Martin und Velia (automatisch der beste Herr und die beste Dame der deutschen Starter J) mussten als Elfte der Qualifikation gegen Platz 6, die USA, antreten \u2013 nach ausgeglichenem Beginn (2-2) ging das Match in den weiteren S\u00e4tzen (1-3, 0-3, 3-2) am Ende relativ deutlich mit 6-10 gegen die favorisierten US-Amerikaner verloren. In der Endergebnisliste bedeutete dies Platz 9.<\/p>\n<p>Gegen 18:30 Uhr waren wir wieder zur\u00fcck im Hotel.<\/p>\n<p>Morgen stehen die Einzel-Entscheidungen im KO-System auf dem Programm: Martin bestreitet sein Auftaktmatch im 1\/32-Finale gegen einen jungen Polen, Velia hat in dieser Runde ein Freilos und trifft im 1\/16-Finale auf eine Belgierin. Ich werde versuchen, die Stimmung hochzuhalten und hoffe, dass beide Sch\u00fctzen diesmal schneller in den Wettkampf finden, da die relativ kurze Distanz der einzelnen Matches keine \u201cAufw\u00e4rmzeit\u201c zul\u00e4sst\u2026<\/p>\n<p><strong>Freitag, 04.07.2014 \u2013 Einzelfinale<\/strong><\/p>\n<p>Ausnahmsweise konnten wir heute alle drei etwas l\u00e4nger schlafen: Da auf dem Wettkampffeld maximal 34 Scheiben gestellt werden konnten, in jeder der Disziplinen Recurve (m\/w) und Compound (m\/w) aber ein 1\/32-Finale angesetzt war, mussten die ersten beiden Runden f\u00fcr Recurve und Compound nacheinander ausgetragen werden \u2013 und die Recurve-Sch\u00fctzen waren zuerst an der Reihe \ud83d\ude42 So fuhren wir gegen 09:30 Uhr ins Stadion und nutzten nochmals das Trainingsfeld f\u00fcr ein ausgiebiges warm-up, um uns in aller Ruhe auf den Wettkampf einzustimmen.<\/p>\n<p>Um 10:45 Uhr begann dann das 1\/32-Finale im Compound-Bereich bei jetzt schon mehr als 30\u00b0C (der Freitag war deutlich der hei\u00dfeste Tag der ganzen Woche):<\/p>\n<p>Martins erster Gegner, Jakub HUBENY aus Polen, war in der Qualifikation hinter Martin auf Rang 42 platziert, und hatte auch in der ersten Final-Runde nicht den Hauch einer Chance gegen den jungen Deutschen: Mit starken 144:122 Ringen entschied Martin sein Auftaktmatch klar f\u00fcr sich. Velia hatte im 1\/32-Finale ein Freilos.<\/p>\n<p>Im 1\/16-Finale mussten dann beide deutschen Sch\u00fctzen parallel antreten: w\u00e4hrend auf Martin mit Mikhail FILATOV aus Russland, in der Qualifikation unter den Top 10 und damit deutlich besser als Martin platziert, ein richtig \u201edickerer Brocken\u201c wartete, bekam es Velia mit der international sehr erfahrenen Sarah PRIEELS aus Belgien, in der Qualifikation allerdings nur knapp vor Velia platziert, zu tun. Da beide Begegnungen auf weit voneinander entfernten Scheiben ausgetragen wurden, war es f\u00fcr mich nicht m\u00f6glich, beide Sch\u00fctzen gleichzeitig zu betreuen. Nach R\u00fccksprache mit beiden Athleten verzichtete Velia zu Gunsten von Martin auf die direkte Unterst\u00fctzung.<\/p>\n<p>Zwischen Martin und seinem Kontrahenten entwickelte sich eine extrem spannende Begegnung auf hohem Niveau, die F\u00fchrung wechselte mehrfach hin und her, was den Russen offensichtlich zunehmend nerv\u00f6ser werden lies \u2013 Martin hingegen behielt seine Nerven gut im Griff und setzte sich letztlich hauchd\u00fcnn mit 143:142 durch \u2013 ein toller Erfolg! Velia begann Ihr Auftaktmatch ebenfalls stark und f\u00fchrte nach den ersten drei S\u00e4tzen sogar gegen die Belgierin \u2013 ein schlechter Schuss unter Zeitnot im vierten Durchgang warf sie dann aber leider fast uneinholbar zur\u00fcck und die Begegnung ging schlie\u00dflich mit 140:143 verloren.<\/p>\n<p>Nach einer 1-1\/2-st\u00fcndigen Mittagspause standen die 1\/8-Final-Begegnungen auf dem Programm, die nun parallel in allen Disziplinen ausgetragen wurden. Martins Match gegen Evren CAGIRAN aus der T\u00fcrkei versprach erneut Hochspannung, da beide Sch\u00fctzen in der Qualifikation \u00e4hnlich hohe Ergebnisse erzielt hatten. Der junge T\u00fcrke wuchs in dieser Begegnung jedoch \u00fcber sich hinaus, erzielte in allen 5 Durchg\u00e4ngen jeweils 29 von 30 m\u00f6glichen Ringen und war damit an diesem Tag eine Nummer zu gro\u00df f\u00fcr Martin, der zwar mutig k\u00e4mpfte, schlie\u00dflich aber mit 141:145 aus dem Wettbewerb ausscheiden musste. Dennoch ist sein 9. Platz bei seinem ersten internationalen Einsatz im Erwachsenenbereich ein gro\u00dfer Erfolg f\u00fcr Martin: Seine Qualifikationsplatzierung hat er durch eine couragierte Leistung im Finale deutlich verbessern k\u00f6nnen.<\/p>\n<p>Damit waren die Wettk\u00e4mpfe f\u00fcr uns beendet und wir entschieden gemeinsam, nach einer kalten Dusche im Hotel direkt den Heimweg anzutreten (eine Abschlussbesprechung, gemeinsam und einzeln, haben wir auf der R\u00fcckreise abgehalten). Gegen 16:00 Uhr sind wir dann in Legnica aufgebrochen, Martin wurde gegen 21:00 Uhr in Pegnitz abgesetzt, Velia gegen 00:00 Uhr in Karlsruhe, und ich war gegen 01:30 Uhr zu Hause.<\/p>\n<p>Eine anstrengende, leider nicht ganz so erfolgreich wie erhofft, aber daf\u00fcr erlebnis- und lehrreiche Woche liegt hinter uns \ud83d\ude42 &#8230;<\/p>\n","protected":false},"excerpt":{"rendered":"<p>Ein Beitrag von Dr. Martin Cornils Montag, 30.06.2014 \u2013 Anreise Die Anreise ist weitestgehend unproblematisch verlaufen: Um 08:30 Uhr konnte ich mit einem fast neuen, ger\u00e4umigen Mietwagen (Ford Mondeo) in Freiburg aufbrechen. Durch ein paar kleinere Staus wurden Velia SCHALL gegen 10:00 Uhr in Karlsruhe und Martin ENDRIZZI gegen 12:45 Uhr in Pegnitz jeweils mit &hellip; <a href=\"http:\/\/blog.promotioncompound.de\/?p=1138\" class=\"more-link\"><span class=\"screen-reader-text\">Tagebuch der Uni-WM<\/span> weiterlesen <span class=\"meta-nav\">&rarr;<\/span><\/a><\/p>\n","protected":false},"author":3,"featured_media":0,"comment_status":"open","ping_status":"open","sticky":false,"template":"","format":"standard","meta":[],"categories":[1],"tags":[],"_links":{"self":[{"href":"http:\/\/blog.promotioncompound.de\/index.php?rest_route=\/wp\/v2\/posts\/1138"}],"collection":[{"href":"http:\/\/blog.promotioncompound.de\/index.php?rest_route=\/wp\/v2\/posts"}],"about":[{"href":"http:\/\/blog.promotioncompound.de\/index.php?rest_route=\/wp\/v2\/types\/post"}],"author":[{"embeddable":true,"href":"http:\/\/blog.promotioncompound.de\/index.php?rest_route=\/wp\/v2\/users\/3"}],"replies":[{"embeddable":true,"href":"http:\/\/blog.promotioncompound.de\/index.php?rest_route=%2Fwp%2Fv2%2Fcomments&post=1138"}],"version-history":[{"count":3,"href":"http:\/\/blog.promotioncompound.de\/index.php?rest_route=\/wp\/v2\/posts\/1138\/revisions"}],"predecessor-version":[{"id":1226,"href":"http:\/\/blog.promotioncompound.de\/index.php?rest_route=\/wp\/v2\/posts\/1138\/revisions\/1226"}],"wp:attachment":[{"href":"http:\/\/blog.promotioncompound.de\/index.php?rest_route=%2Fwp%2Fv2%2Fmedia&parent=1138"}],"wp:term":[{"taxonomy":"category","embeddable":true,"href":"http:\/\/blog.promotioncompound.de\/index.php?rest_route=%2Fwp%2Fv2%2Fcategories&post=1138"},{"taxonomy":"post_tag","embeddable":true,"href":"http:\/\/blog.promotioncompound.de\/index.php?rest_route=%2Fwp%2Fv2%2Ftags&post=1138"}],"curies":[{"name":"wp","href":"https:\/\/api.w.org\/{rel}","templated":true}]}}